{"id":12005,"date":"2023-05-04T07:09:10","date_gmt":"2023-05-04T05:09:10","guid":{"rendered":"https:\/\/www.cars-of-the-legend.com\/non-classifiee\/skoda-motorsport-a-livre-la-500eme-fabia-rally2\/"},"modified":"2023-11-05T06:27:46","modified_gmt":"2023-11-05T05:27:46","slug":"skoda-motorsport-has-delivered-the-500th-fabia-rally2","status":"publish","type":"post","link":"https:\/\/www.cars-of-the-legend.com\/en\/automotive-news\/skoda-motorsport-has-delivered-the-500th-fabia-rally2\/","title":{"rendered":"\u0160koda Motorsport has delivered the 500th Fabia Rally2"},"content":{"rendered":"\t\t<div data-elementor-type=\"wp-post\" data-elementor-id=\"12005\" class=\"elementor elementor-12005 elementor-7235\">\n\t\t\t\t\t\t<section class=\"elementor-section elementor-top-section elementor-element elementor-element-357eba43 elementor-section-boxed elementor-section-height-default elementor-section-height-default exad-glass-effect-no exad-sticky-section-no\" data-id=\"357eba43\" data-element_type=\"section\" data-e-type=\"section\">\n\t\t\t\t\t\t<div class=\"elementor-container elementor-column-gap-default\">\n\t\t\t\t\t<div class=\"elementor-column elementor-col-100 elementor-top-column elementor-element elementor-element-7baaf832 exad-glass-effect-no exad-sticky-section-no\" data-id=\"7baaf832\" data-element_type=\"column\" data-e-type=\"column\">\n\t\t\t<div class=\"elementor-widget-wrap elementor-element-populated\">\n\t\t\t\t\t\t<div class=\"elementor-element elementor-element-6a74cc11 exad-sticky-section-no exad-glass-effect-no elementor-widget elementor-widget-text-editor\" data-id=\"6a74cc11\" data-element_type=\"widget\" data-e-type=\"widget\" data-widget_type=\"text-editor.default\">\n\t\t\t\t<div class=\"elementor-widget-container\">\n\t\t\t\t\t\t\t\t\t<h5><strong>cars of the legend for car enthusiasts, concept cars, super cars, collections and much more on cars of the legend.<\/strong><\/h5>\t\t\t\t\t\t\t\t<\/div>\n\t\t\t\t<\/div>\n\t\t\t\t<div class=\"elementor-element elementor-element-703d8af6 exad-sticky-section-no exad-glass-effect-no elementor-widget elementor-widget-shortcode\" data-id=\"703d8af6\" data-element_type=\"widget\" data-e-type=\"widget\" data-widget_type=\"shortcode.default\">\n\t\t\t\t<div class=\"elementor-widget-container\">\n\t\t\t\t\t\t\t<div class=\"elementor-shortcode\"><div class=\"intro-line\"><h1> \u0160koda Motorsport has delivered the <i>500th Fabia Rally2<\/i> <\/h1><\/div><\/div>\n\t\t\t\t\t\t<\/div>\n\t\t\t\t<\/div>\n\t\t\t\t\t<\/div>\n\t\t<\/div>\n\t\t\t\t\t<\/div>\n\t\t<\/section>\n\t\t\t\t<section class=\"elementor-section elementor-top-section elementor-element elementor-element-560759d1 elementor-section-boxed elementor-section-height-default elementor-section-height-default exad-glass-effect-no exad-sticky-section-no\" data-id=\"560759d1\" data-element_type=\"section\" data-e-type=\"section\">\n\t\t\t\t\t\t<div class=\"elementor-container elementor-column-gap-default\">\n\t\t\t\t\t<div class=\"elementor-column elementor-col-100 elementor-top-column elementor-element elementor-element-766a6f16 exad-glass-effect-no exad-sticky-section-no\" data-id=\"766a6f16\" data-element_type=\"column\" data-e-type=\"column\">\n\t\t\t<div class=\"elementor-widget-wrap elementor-element-populated\">\n\t\t\t\t\t\t<div class=\"elementor-element elementor-element-7bdd1623 exad-sticky-section-no exad-glass-effect-no elementor-widget elementor-widget-image\" data-id=\"7bdd1623\" data-element_type=\"widget\" data-e-type=\"widget\" data-widget_type=\"image.default\">\n\t\t\t\t<div class=\"elementor-widget-container\">\n\t\t\t\t\t\t\t\t\t\t\t\t<figure class=\"wp-caption\">\n\t\t\t\t\t\t\t\t\t\t<img fetchpriority=\"high\" decoding=\"async\" width=\"1024\" height=\"683\" src=\"https:\/\/www.cars-of-the-legend.com\/media\/2023\/05\/9-2.jpg\" class=\"attachment-large size-large wp-image-7239\" alt=\"\u0160koda Motorsport a livr\u00e9 la 500\u00e8me Fabia Rally2\" srcset=\"https:\/\/www.cars-of-the-legend.com\/media\/2023\/05\/9-2.jpg 1024w, https:\/\/www.cars-of-the-legend.com\/media\/2023\/05\/9-2-300x200.jpg 300w, https:\/\/www.cars-of-the-legend.com\/media\/2023\/05\/9-2-768x512.jpg 768w, https:\/\/www.cars-of-the-legend.com\/media\/2023\/05\/9-2-600x400.jpg 600w, https:\/\/www.cars-of-the-legend.com\/media\/2023\/05\/9-2-150x100.jpg 150w\" sizes=\"(max-width: 1024px) 100vw, 1024px\" title=\"\" \/>\t\t\t\t\t\t\t\t\t\t\t<figcaption class=\"widget-image-caption wp-caption-text\"><\/figcaption>\n\t\t\t\t\t\t\t\t\t\t<\/figure>\n\t\t\t\t\t\t\t\t\t<\/div>\n\t\t\t\t<\/div>\n\t\t\t\t\t<\/div>\n\t\t<\/div>\n\t\t\t\t\t<\/div>\n\t\t<\/section>\n\t\t\t\t<section class=\"elementor-section elementor-top-section elementor-element elementor-element-c5f9abb elementor-section-boxed elementor-section-height-default elementor-section-height-default exad-glass-effect-no exad-sticky-section-no\" data-id=\"c5f9abb\" data-element_type=\"section\" data-e-type=\"section\">\n\t\t\t\t\t\t<div class=\"elementor-container elementor-column-gap-default\">\n\t\t\t\t\t<div class=\"elementor-column elementor-col-100 elementor-top-column elementor-element elementor-element-24483218 exad-glass-effect-no exad-sticky-section-no\" data-id=\"24483218\" data-element_type=\"column\" data-e-type=\"column\">\n\t\t\t<div class=\"elementor-widget-wrap elementor-element-populated\">\n\t\t\t\t\t\t<div class=\"elementor-element elementor-element-74f87b5d exad-sticky-section-no exad-glass-effect-no elementor-widget elementor-widget-text-editor\" data-id=\"74f87b5d\" data-element_type=\"widget\" data-e-type=\"widget\" data-widget_type=\"text-editor.default\">\n\t\t\t\t<div class=\"elementor-widget-container\">\n\t\t\t\t\t\t\t\t\t<h2 class=\"western\">\u0160koda Motorsport has delivered the 500th Fabia Rally2<\/h2><ul><li><p>Lucie Bortov\u00e1, Customer Program Manager at \u0160koda Motorsport, delivered the 500th \u0160koda Fabia Rally2 to the Italian Delta Rally team<\/p><\/li><li><p>Since 2015, the \u0160koda Fabia in the Rally2 version has accumulated hundreds of victories as well as dozens of national and international titles.<\/p><\/li><li><p>\u0160koda dominates Rally2 entry numbers across most rounds of the FIA World and European Rally Championships<\/p><\/li><\/ul><p><strong>Mlad\u00e1 Boleslav, May 2, 2023 &#8211; Created primarily for private teams, Rally2 represents the second category of the FIA World Rally Championship and the top class of virtually all other international series as well as countless national championships. \u0160koda Motorsport introduced a Rally2 variant of the Fabia in 2015, which quickly became the world&#8217;s most successful and best-selling model in its class. Last week, the 500th \u0160koda Fabia in Rally2 version left the company&#8217;s headquarters in Mlad\u00e1 Boleslav.<\/strong><\/p><p><img decoding=\"async\" class=\"aligncenter size-full wp-image-7240\" src=\"https:\/\/www.cars-of-the-legend.com\/media\/2023\/05\/6-2.jpg\" alt=\"\u0160koda Motorsport a livr\u00e9 la 500\u00e8me Fabia Rally2\" width=\"1024\" height=\"683\" srcset=\"https:\/\/www.cars-of-the-legend.com\/media\/2023\/05\/6-2.jpg 1024w, https:\/\/www.cars-of-the-legend.com\/media\/2023\/05\/6-2-300x200.jpg 300w, https:\/\/www.cars-of-the-legend.com\/media\/2023\/05\/6-2-768x512.jpg 768w, https:\/\/www.cars-of-the-legend.com\/media\/2023\/05\/6-2-600x400.jpg 600w, https:\/\/www.cars-of-the-legend.com\/media\/2023\/05\/6-2-150x100.jpg 150w\" sizes=\"(max-width: 1024px) 100vw, 1024px\" \/><\/p><p>In 2013, the FIA reorganized the pyramid of cars authorized for international rallying. In this new system, Rally 2 (formerly called R5) serves as the second highest performing league. The Rally 2 regulations pay particular attention to cost reduction. Base cars must come from the B segment. They can be equipped with a turbocharged engine derived from another production model, provided its displacement does not exceed 1,620 cc. A 32-millimeter restrictor in the air intake limits power to around 214 kW (290 hp). The five-speed sequential gearbox and the purely mechanical four-wheel drive transmission must be purchased in the market. Finally, the FIA has capped the price of the car ready to race at 260,766 euros excluding taxes in 2023.<\/p><p>\u0160koda Motorsport realized the potential of this new concept and started the development of a successor model to the \u0160koda Fabia S2000, which since 2009 has been the most suitable \u0160koda for rallying. At the beginning of 2015, the Rally2 variant of the \u0160koda Fabia was ready. It quickly became the winningest car in its class on rally tracks around the world. It also turned into a commercial success. At most rounds of the FIA World Rally Championship and FIA European Rally Championship, at least half of the Rally2 cars carry the \u0160koda badge.<\/p><p>Today, \u0160koda Motorsport delivered the record 500th Fabia Rally2. Lucie Bortov\u00e1, Customer Program Manager at \u0160koda Motorsport, handed over the 500th \u0160koda Fabia RS Rally2 to the Italian Delta Rally team.<\/p><p style=\"text-align: center;\">\u201cReaching the 500 unit mark for the \u0160koda Fabia in Rally2 specification makes me incredibly proud of everyone here at \u0160koda Motorsport. On the other hand, this success would not have been possible without the great loyalty of our customer teams. I sincerely thank them all. Together we will continue this success story with the new \u0160koda Fabia RS Rally2.\u201d<\/p><p align=\"CENTER\"><strong><img decoding=\"async\" class=\"aligncenter size-full wp-image-7241\" src=\"https:\/\/www.cars-of-the-legend.com\/media\/2023\/05\/3-1.jpg\" alt=\"\u0160koda Motorsport a livr\u00e9 la 500\u00e8me Fabia Rally2\" width=\"1024\" height=\"683\" srcset=\"https:\/\/www.cars-of-the-legend.com\/media\/2023\/05\/3-1.jpg 1024w, https:\/\/www.cars-of-the-legend.com\/media\/2023\/05\/3-1-300x200.jpg 300w, https:\/\/www.cars-of-the-legend.com\/media\/2023\/05\/3-1-768x512.jpg 768w, https:\/\/www.cars-of-the-legend.com\/media\/2023\/05\/3-1-600x400.jpg 600w, https:\/\/www.cars-of-the-legend.com\/media\/2023\/05\/3-1-150x100.jpg 150w\" sizes=\"(max-width: 1024px) 100vw, 1024px\" \/><\/strong><\/p><h3 class=\"western\"><strong>Lucie Bortov\u00e1, Customer Program Manager at \u0160koda Motorsport<\/strong><\/h3><p><strong>\u0160koda \u0160koda Fabia Rally2 (2015)<\/strong><\/p><p>\u0160koda entered the Rally2 category in spring 2015 with the rally variant of the third generation Fabia. The \u0160koda Fabia Rally2 has taken the rally scene by storm. Factory drivers Esapekka Lappi (Finland\/2016), Pontus Tidemand (Sweden\/2017) and Jan Kopeck\u00fd (Czech Republic\/2018) won the World Rally Championship titles in the WRC2 category with this car. \u0160koda has added the WRC2 manufacturers&#8217; titles to the list.<\/p><p><strong>\u0160koda Fabia Rally2 evo (2019)<\/strong><\/p><p>In 2019, \u0160koda Motorsport presented the even more developed Rally2 evo version of the Fabia. And the success story continued. Factory driver Kalle Rovanper\u00e4 (Finland) became WRC2 Pro champion that year, while Pierre-Louis Loubet (France) won the WRC2 category reserved for private drivers. Once again, \u0160koda Motorsport wins the team title. Chris Ingram (Great Britain) won the FIA European Rally Championship drivers&#8217; title. Two years later, Andreas Mikkelsen (Norway) achieved the double: at the wheel of the \u0160koda Fabia Rally2 evo, he became WRC2 champion and FIA European rally champion. In 2022, \u0160koda driver Emil Lindholm (Finland) celebrated the overall and Junior WRC2 titles.<\/p><p>Added to this impressive list are victories in the FIA championships of Africa (ARC), North and Central America (NACAM), South America (CODASUR), Asia-Pacific (APRC) and in the Middle East Rally Championship (MERC). In total, \u0160koda Motorsport and its customer teams have won 16 world championship titles in the driver and team categories with vehicles based on the third generation Fabia. The Fabia Rally2 and Fabia Rally2 evo were more successful than their predecessors, the Fabia S2000 and Fabia WRC.<\/p><p>In total, both models achieved 2,000 overall and class victories worldwide.<\/p><p><strong>\u0160koda Fabia RS Rally2 (since 2023)<\/strong><\/p><p>In June 2022, the \u0160koda Fabia RS Rally2 was officially presented. The all-new rally model from Mlad\u00e1 Boleslav is based on the fourth generation \u0160koda Fabia. The \u0160koda Fabia RS Rally2 benefits from sophisticated aerodynamic features and the exceptionally rigid body of the production model. Engineers have also developed a new 1.6-liter turbocharged engine based on the 2.0 TSI engine, which is used in \u0160koda&#8217;s RS models, among others.<\/p><p>The \u0160koda Fabia RS Rally2 made its debut in the FIA World Rally Championship at the Monte-Carlo Rally, which opened the 2023 season. While it was already the fastest Rally2 car on most legendary &#8220;Monte&#8221; special stages, the first WRC2 victory was celebrated by 21-year-old Oliver Solberg, son of former world champion Petter Solberg, who won the Swedish rally.<\/p><p>Private drivers behind the wheel of the \u0160koda Fabia RS Rally2 have also already achieved victories at national level. There is a strong chance that the \u0160koda Fabia RS Rally2 bearing the number 500 will complete this list: the car will be entered by the Delta Rally team in the Italian championship.<\/p>\t\t\t\t\t\t\t\t<\/div>\n\t\t\t\t<\/div>\n\t\t\t\t\t<\/div>\n\t\t<\/div>\n\t\t\t\t\t<\/div>\n\t\t<\/section>\n\t\t\t\t<section class=\"elementor-section elementor-top-section elementor-element elementor-element-5ada91a7 elementor-section-boxed elementor-section-height-default elementor-section-height-default exad-glass-effect-no exad-sticky-section-no\" data-id=\"5ada91a7\" data-element_type=\"section\" data-e-type=\"section\">\n\t\t\t\t\t\t<div class=\"elementor-container elementor-column-gap-default\">\n\t\t\t\t\t<div class=\"elementor-column elementor-col-100 elementor-top-column elementor-element elementor-element-142ed4d7 exad-glass-effect-no exad-sticky-section-no\" data-id=\"142ed4d7\" data-element_type=\"column\" data-e-type=\"column\">\n\t\t\t<div class=\"elementor-widget-wrap elementor-element-populated\">\n\t\t\t\t\t\t<div class=\"elementor-element elementor-element-7b9cf13 elementor-arrows-position-inside elementor-pagination-position-outside exad-sticky-section-no exad-glass-effect-no elementor-widget elementor-widget-image-carousel\" data-id=\"7b9cf13\" data-element_type=\"widget\" data-e-type=\"widget\" data-settings=\"{&quot;slides_to_show&quot;:&quot;1&quot;,&quot;navigation&quot;:&quot;both&quot;,&quot;autoplay&quot;:&quot;yes&quot;,&quot;pause_on_hover&quot;:&quot;yes&quot;,&quot;pause_on_interaction&quot;:&quot;yes&quot;,&quot;autoplay_speed&quot;:5000,&quot;infinite&quot;:&quot;yes&quot;,&quot;effect&quot;:&quot;slide&quot;,&quot;speed&quot;:500}\" data-widget_type=\"image-carousel.default\">\n\t\t\t\t<div class=\"elementor-widget-container\">\n\t\t\t\t\t\t\t<div class=\"elementor-image-carousel-wrapper swiper\" role=\"region\" aria-roledescription=\"carousel\" aria-label=\"Image Carousel\" dir=\"ltr\">\n\t\t\t<div class=\"elementor-image-carousel swiper-wrapper\" aria-live=\"off\">\n\t\t\t\t\t\t\t\t<div class=\"swiper-slide\" role=\"group\" aria-roledescription=\"slide\" aria-label=\"1 of 9\"><figure class=\"swiper-slide-inner\"><img decoding=\"async\" class=\"swiper-slide-image\" src=\"https:\/\/www.cars-of-the-legend.com\/media\/2023\/05\/2-3.jpg\" alt=\"2\" \/><\/figure><\/div><div class=\"swiper-slide\" role=\"group\" aria-roledescription=\"slide\" aria-label=\"2 of 9\"><figure class=\"swiper-slide-inner\"><img decoding=\"async\" class=\"swiper-slide-image\" src=\"https:\/\/www.cars-of-the-legend.com\/media\/2023\/05\/3-2.jpg\" alt=\"3\" \/><\/figure><\/div><div class=\"swiper-slide\" role=\"group\" aria-roledescription=\"slide\" aria-label=\"3 of 9\"><figure class=\"swiper-slide-inner\"><img decoding=\"async\" class=\"swiper-slide-image\" src=\"https:\/\/www.cars-of-the-legend.com\/media\/2023\/05\/4-1.jpg\" alt=\"4\" \/><\/figure><\/div><div class=\"swiper-slide\" role=\"group\" aria-roledescription=\"slide\" aria-label=\"4 of 9\"><figure class=\"swiper-slide-inner\"><img decoding=\"async\" class=\"swiper-slide-image\" src=\"https:\/\/www.cars-of-the-legend.com\/media\/2023\/05\/5-1.jpg\" alt=\"\u0160koda Motorsport a livr\u00e9 la 500\u00e8me Fabia Rally2\" \/><\/figure><\/div><div class=\"swiper-slide\" role=\"group\" aria-roledescription=\"slide\" aria-label=\"5 of 9\"><figure class=\"swiper-slide-inner\"><img decoding=\"async\" class=\"swiper-slide-image\" src=\"https:\/\/www.cars-of-the-legend.com\/media\/2023\/05\/7-1.jpg\" alt=\"7\" \/><\/figure><\/div><div class=\"swiper-slide\" role=\"group\" aria-roledescription=\"slide\" aria-label=\"6 of 9\"><figure class=\"swiper-slide-inner\"><img decoding=\"async\" class=\"swiper-slide-image\" src=\"https:\/\/www.cars-of-the-legend.com\/media\/2023\/05\/8-1.jpg\" alt=\"8\" \/><\/figure><\/div><div class=\"swiper-slide\" role=\"group\" aria-roledescription=\"slide\" aria-label=\"7 of 9\"><figure class=\"swiper-slide-inner\"><img decoding=\"async\" class=\"swiper-slide-image\" src=\"https:\/\/www.cars-of-the-legend.com\/media\/2023\/05\/9-3.jpg\" alt=\"9\" \/><\/figure><\/div><div class=\"swiper-slide\" role=\"group\" aria-roledescription=\"slide\" aria-label=\"8 of 9\"><figure class=\"swiper-slide-inner\"><img decoding=\"async\" class=\"swiper-slide-image\" src=\"https:\/\/www.cars-of-the-legend.com\/media\/2023\/05\/10.jpg\" alt=\"\u0160koda Motorsport a livr\u00e9 la 500\u00e8me Fabia Rally2\" \/><\/figure><\/div><div class=\"swiper-slide\" role=\"group\" aria-roledescription=\"slide\" aria-label=\"9 of 9\"><figure class=\"swiper-slide-inner\"><img decoding=\"async\" class=\"swiper-slide-image\" src=\"https:\/\/www.cars-of-the-legend.com\/media\/2023\/05\/6-4.jpg\" alt=\"\u0160koda Motorsport a livr\u00e9 la 500\u00e8me Fabia Rally2\" \/><\/figure><\/div>\t\t\t<\/div>\n\t\t\t\t\t\t\t\t\t\t\t\t<div class=\"elementor-swiper-button elementor-swiper-button-prev\" role=\"button\" tabindex=\"0\">\n\t\t\t\t\t\t<i aria-hidden=\"true\" class=\"eicon-chevron-left\"><\/i>\t\t\t\t\t<\/div>\n\t\t\t\t\t<div class=\"elementor-swiper-button elementor-swiper-button-next\" role=\"button\" tabindex=\"0\">\n\t\t\t\t\t\t<i aria-hidden=\"true\" class=\"eicon-chevron-right\"><\/i>\t\t\t\t\t<\/div>\n\t\t\t\t\n\t\t\t\t\t\t\t\t\t<div class=\"swiper-pagination\"><\/div>\n\t\t\t\t\t\t\t\t\t<\/div>\n\t\t\t\t\t\t<\/div>\n\t\t\t\t<\/div>\n\t\t\t\t\t<\/div>\n\t\t<\/div>\n\t\t\t\t\t<\/div>\n\t\t<\/section>\n\t\t\t\t<section class=\"elementor-section elementor-top-section elementor-element elementor-element-6830b220 elementor-section-boxed elementor-section-height-default elementor-section-height-default exad-glass-effect-no exad-sticky-section-no\" data-id=\"6830b220\" data-element_type=\"section\" data-e-type=\"section\">\n\t\t\t\t\t\t<div class=\"elementor-container elementor-column-gap-default\">\n\t\t\t\t\t<div class=\"elementor-column elementor-col-50 elementor-top-column elementor-element elementor-element-3adf9b7b exad-glass-effect-no exad-sticky-section-no\" data-id=\"3adf9b7b\" data-element_type=\"column\" data-e-type=\"column\">\n\t\t\t<div class=\"elementor-widget-wrap elementor-element-populated\">\n\t\t\t\t\t\t<div class=\"elementor-element elementor-element-410c52da elementor-align-center exad-sticky-section-no exad-glass-effect-no elementor-widget elementor-widget-button\" data-id=\"410c52da\" data-element_type=\"widget\" data-e-type=\"widget\" data-widget_type=\"button.default\">\n\t\t\t\t<div class=\"elementor-widget-container\">\n\t\t\t\t\t\t\t\t\t<div class=\"elementor-button-wrapper\">\n\t\t\t\t\t<a class=\"elementor-button elementor-button-link elementor-size-sm\" href=\"https:\/\/www.cars-of-the-legend.com\/en\/automotive-news\/\">\n\t\t\t\t\t\t<span class=\"elementor-button-content-wrapper\">\n\t\t\t\t\t\t\t\t\t<span class=\"elementor-button-text\">Automotive New<\/span>\n\t\t\t\t\t<\/span>\n\t\t\t\t\t<\/a>\n\t\t\t\t<\/div>\n\t\t\t\t\t\t\t\t<\/div>\n\t\t\t\t<\/div>\n\t\t\t\t\t<\/div>\n\t\t<\/div>\n\t\t\t\t<div class=\"elementor-column elementor-col-50 elementor-top-column elementor-element elementor-element-4d49eed6 exad-glass-effect-no exad-sticky-section-no\" data-id=\"4d49eed6\" data-element_type=\"column\" data-e-type=\"column\">\n\t\t\t<div class=\"elementor-widget-wrap elementor-element-populated\">\n\t\t\t\t\t\t<div class=\"elementor-element elementor-element-5a34abe5 elementor-align-center exad-sticky-section-no exad-glass-effect-no elementor-widget elementor-widget-button\" data-id=\"5a34abe5\" data-element_type=\"widget\" data-e-type=\"widget\" data-widget_type=\"button.default\">\n\t\t\t\t<div class=\"elementor-widget-container\">\n\t\t\t\t\t\t\t\t\t<div class=\"elementor-button-wrapper\">\n\t\t\t\t\t<a class=\"elementor-button elementor-button-link elementor-size-sm\" href=\"https:\/\/www.tiktok.com\/@cars_of_the_legend.com\">\n\t\t\t\t\t\t<span class=\"elementor-button-content-wrapper\">\n\t\t\t\t\t\t<span class=\"elementor-button-icon\">\n\t\t\t\t<i aria-hidden=\"true\" class=\"fab fa-tiktok\"><\/i>\t\t\t<\/span>\n\t\t\t\t\t\t\t\t<\/span>\n\t\t\t\t\t<\/a>\n\t\t\t\t<\/div>\n\t\t\t\t\t\t\t\t<\/div>\n\t\t\t\t<\/div>\n\t\t\t\t\t<\/div>\n\t\t<\/div>\n\t\t\t\t\t<\/div>\n\t\t<\/section>\n\t\t\t\t<\/div>\n\t\t","protected":false},"excerpt":{"rendered":"<p>cars of the legend for car enthusiasts, concept cars, super cars, collections and much more on cars of the legend. \u0160koda Motorsport has delivered the 500th Fabia Rally2 Lucie Bortov\u00e1, Customer Program Manager at \u0160koda Motorsport, delivered the 500th \u0160koda Fabia Rally2 to the Italian Delta Rally team Since 2015, the \u0160koda Fabia in the<\/p>\n","protected":false},"author":2,"featured_media":8904,"comment_status":"closed","ping_status":"open","sticky":false,"template":"","format":"standard","meta":{"_acf_changed":false,"_rtcl_gb_attr":"","footnotes":""},"categories":[837],"tags":[],"class_list":["post-12005","post","type-post","status-publish","format-standard","has-post-thumbnail","hentry","category-automotive-news"],"acf":[],"_links":{"self":[{"href":"https:\/\/www.cars-of-the-legend.com\/en\/wp-json\/wp\/v2\/posts\/12005","targetHints":{"allow":["GET"]}}],"collection":[{"href":"https:\/\/www.cars-of-the-legend.com\/en\/wp-json\/wp\/v2\/posts"}],"about":[{"href":"https:\/\/www.cars-of-the-legend.com\/en\/wp-json\/wp\/v2\/types\/post"}],"author":[{"embeddable":true,"href":"https:\/\/www.cars-of-the-legend.com\/en\/wp-json\/wp\/v2\/users\/2"}],"replies":[{"embeddable":true,"href":"https:\/\/www.cars-of-the-legend.com\/en\/wp-json\/wp\/v2\/comments?post=12005"}],"version-history":[{"count":0,"href":"https:\/\/www.cars-of-the-legend.com\/en\/wp-json\/wp\/v2\/posts\/12005\/revisions"}],"wp:featuredmedia":[{"embeddable":true,"href":"https:\/\/www.cars-of-the-legend.com\/en\/wp-json\/wp\/v2\/media\/8904"}],"wp:attachment":[{"href":"https:\/\/www.cars-of-the-legend.com\/en\/wp-json\/wp\/v2\/media?parent=12005"}],"wp:term":[{"taxonomy":"category","embeddable":true,"href":"https:\/\/www.cars-of-the-legend.com\/en\/wp-json\/wp\/v2\/categories?post=12005"},{"taxonomy":"post_tag","embeddable":true,"href":"https:\/\/www.cars-of-the-legend.com\/en\/wp-json\/wp\/v2\/tags?post=12005"}],"curies":[{"name":"wp","href":"https:\/\/api.w.org\/{rel}","templated":true}]}}