{"id":11800,"date":"2023-04-24T12:33:02","date_gmt":"2023-04-24T10:33:02","guid":{"rendered":"https:\/\/www.cars-of-the-legend.com\/non-classifiee\/sept-skoda-fabia-rs-rally2-terminent-dans-le-top-10\/"},"modified":"2023-11-01T10:58:29","modified_gmt":"2023-11-01T09:58:29","slug":"seven-skoda-fabia-rs-rally2s-finish-in-the-top-10","status":"publish","type":"post","link":"https:\/\/www.cars-of-the-legend.com\/en\/non-classifiee\/seven-skoda-fabia-rs-rally2s-finish-in-the-top-10\/","title":{"rendered":"Seven \u0160koda Fabia RS Rally2s finish in the top 10"},"content":{"rendered":"\t\t<div data-elementor-type=\"wp-post\" data-elementor-id=\"11800\" class=\"elementor elementor-11800 elementor-7048\">\n\t\t\t\t\t\t<section class=\"elementor-section elementor-top-section elementor-element elementor-element-69ca12c4 elementor-section-boxed elementor-section-height-default elementor-section-height-default exad-glass-effect-no exad-sticky-section-no\" data-id=\"69ca12c4\" data-element_type=\"section\" data-e-type=\"section\">\n\t\t\t\t\t\t<div class=\"elementor-container elementor-column-gap-default\">\n\t\t\t\t\t<div class=\"elementor-column elementor-col-100 elementor-top-column elementor-element elementor-element-7cbac530 exad-glass-effect-no exad-sticky-section-no\" data-id=\"7cbac530\" data-element_type=\"column\" data-e-type=\"column\">\n\t\t\t<div class=\"elementor-widget-wrap elementor-element-populated\">\n\t\t\t\t\t\t<div class=\"elementor-element elementor-element-3a1fb0a2 exad-sticky-section-no exad-glass-effect-no elementor-widget elementor-widget-text-editor\" data-id=\"3a1fb0a2\" data-element_type=\"widget\" data-e-type=\"widget\" data-widget_type=\"text-editor.default\">\n\t\t\t\t<div class=\"elementor-widget-container\">\n\t\t\t\t\t\t\t\t\t<h5><strong>cars of the legend for car enthusiasts, concept cars, super cars, collections and much more on cars of the legend.<\/strong><\/h5>\t\t\t\t\t\t\t\t<\/div>\n\t\t\t\t<\/div>\n\t\t\t\t<div class=\"elementor-element elementor-element-4748cdf3 exad-sticky-section-no exad-glass-effect-no elementor-widget elementor-widget-shortcode\" data-id=\"4748cdf3\" data-element_type=\"widget\" data-e-type=\"widget\" data-widget_type=\"shortcode.default\">\n\t\t\t\t<div class=\"elementor-widget-container\">\n\t\t\t\t\t\t\t<div class=\"elementor-shortcode\"><div class=\"intro-line\"><h1> <i>Seven \u0160koda Fabia RS Rally2s<\/i>  finish in the top 10<\/h1><\/div><\/div>\n\t\t\t\t\t\t<\/div>\n\t\t\t\t<\/div>\n\t\t\t\t\t<\/div>\n\t\t<\/div>\n\t\t\t\t\t<\/div>\n\t\t<\/section>\n\t\t\t\t<section class=\"elementor-section elementor-top-section elementor-element elementor-element-2395dd04 elementor-section-boxed elementor-section-height-default elementor-section-height-default exad-glass-effect-no exad-sticky-section-no\" data-id=\"2395dd04\" data-element_type=\"section\" data-e-type=\"section\">\n\t\t\t\t\t\t<div class=\"elementor-container elementor-column-gap-default\">\n\t\t\t\t\t<div class=\"elementor-column elementor-col-100 elementor-top-column elementor-element elementor-element-3df86a37 exad-glass-effect-no exad-sticky-section-no\" data-id=\"3df86a37\" data-element_type=\"column\" data-e-type=\"column\">\n\t\t\t<div class=\"elementor-widget-wrap elementor-element-populated\">\n\t\t\t\t\t\t<div class=\"elementor-element elementor-element-7e673b31 exad-sticky-section-no exad-glass-effect-no elementor-widget elementor-widget-image\" data-id=\"7e673b31\" data-element_type=\"widget\" data-e-type=\"widget\" data-widget_type=\"image.default\">\n\t\t\t\t<div class=\"elementor-widget-container\">\n\t\t\t\t\t\t\t\t\t\t\t\t<figure class=\"wp-caption\">\n\t\t\t\t\t\t\t\t\t\t<img fetchpriority=\"high\" decoding=\"async\" width=\"1024\" height=\"683\" src=\"https:\/\/www.cars-of-the-legend.com\/media\/2023\/04\/1-Rallye-Croatie.jpg\" class=\"attachment-large size-large wp-image-7053\" alt=\"Croatia Rally: Seven \u0160koda Fabia RS Rally2s finish in the top 10 in the WRC2 category\" srcset=\"https:\/\/www.cars-of-the-legend.com\/media\/2023\/04\/1-Rallye-Croatie.jpg 1024w, https:\/\/www.cars-of-the-legend.com\/media\/2023\/04\/1-Rallye-Croatie-300x200.jpg 300w, https:\/\/www.cars-of-the-legend.com\/media\/2023\/04\/1-Rallye-Croatie-768x512.jpg 768w, https:\/\/www.cars-of-the-legend.com\/media\/2023\/04\/1-Rallye-Croatie-18x12.jpg 18w, https:\/\/www.cars-of-the-legend.com\/media\/2023\/04\/1-Rallye-Croatie-600x400.jpg 600w, https:\/\/www.cars-of-the-legend.com\/media\/2023\/04\/1-Rallye-Croatie-150x100.jpg 150w\" sizes=\"(max-width: 1024px) 100vw, 1024px\" title=\"Rallye de Croatie : Sept \u0160koda Fabia RS Rally2 terminent dans le top 10 de la cat\u00e9gorie WRC2\" \/>\t\t\t\t\t\t\t\t\t\t\t<figcaption class=\"widget-image-caption wp-caption-text\">Croatia Rally: Seven \u0160koda Fabia RS Rally2s finish in the top 10 in the WRC2 category<\/figcaption>\n\t\t\t\t\t\t\t\t\t\t<\/figure>\n\t\t\t\t\t\t\t\t\t<\/div>\n\t\t\t\t<\/div>\n\t\t\t\t\t<\/div>\n\t\t<\/div>\n\t\t\t\t\t<\/div>\n\t\t<\/section>\n\t\t\t\t<section class=\"elementor-section elementor-top-section elementor-element elementor-element-3a6bb3bf elementor-section-boxed elementor-section-height-default elementor-section-height-default exad-glass-effect-no exad-sticky-section-no\" data-id=\"3a6bb3bf\" data-element_type=\"section\" data-e-type=\"section\">\n\t\t\t\t\t\t<div class=\"elementor-container elementor-column-gap-default\">\n\t\t\t\t\t<div class=\"elementor-column elementor-col-100 elementor-top-column elementor-element elementor-element-344b8c41 exad-glass-effect-no exad-sticky-section-no\" data-id=\"344b8c41\" data-element_type=\"column\" data-e-type=\"column\">\n\t\t\t<div class=\"elementor-widget-wrap elementor-element-populated\">\n\t\t\t\t\t\t<div class=\"elementor-element elementor-element-5ea30240 exad-sticky-section-no exad-glass-effect-no elementor-widget elementor-widget-text-editor\" data-id=\"5ea30240\" data-element_type=\"widget\" data-e-type=\"widget\" data-widget_type=\"text-editor.default\">\n\t\t\t\t<div class=\"elementor-widget-container\">\n\t\t\t\t\t\t\t\t\t<h2 class=\"western\">Croatia Rally: Seven \u0160koda Fabia RS Rally2s finish in the top 10 in the WRC2 category<\/h2><ul><li><p>Reigning WRC2 champions Emil Lindholm\/Reeta H\u00e4m\u00e4l\u00e4inen (\u0160koda Fabia RS Rally2) finish third in class in round four of the FIA World Rally Championship<\/p><\/li><\/ul><ul><li><p>Former WRC2 leader Oliver Solberg and co-driver Elliott Edmondson (\u0160koda Fabia RS Rally2) opted not to score championship points in Croatia; they achieved the three best times in the RC2 category<\/p><\/li><li><p>Three \u0160koda crews on the two podiums of the WRC2 Challenger and the WRC Masters Cup<\/p><\/li><\/ul><p><strong>\u0160koda crews won the majority of points in the WRC2 category at the Croatian Rally (April 20-23, 2023). A total of seven of the new \u0160koda Fabia RS Rally2 and the predecessor model, the \u0160koda Fabia Rally2 evo, were in the top 10 in the fourth round of the FIA World Rally Championship (WRC). The best placed \u0160koda crew in WRC2 was Nikolay Gryazin\/Konstantin Aleksandrov with a second place. The WRC2 Challenger and WRC Masters Cup categories were dominated by drivers behind the wheel of the \u0160koda Fabia RS Rally2.<\/strong><\/p><p><img decoding=\"async\" class=\"aligncenter size-full wp-image-7054\" src=\"https:\/\/www.cars-of-the-legend.com\/media\/2023\/04\/4-Rallye-Croatie.jpg\" alt=\"Sept \u0160koda Fabia RS Rally2 terminent dans le top 10 de la cat\u00e9gorie WRC2\" width=\"1024\" height=\"683\" srcset=\"https:\/\/www.cars-of-the-legend.com\/media\/2023\/04\/4-Rallye-Croatie.jpg 1024w, https:\/\/www.cars-of-the-legend.com\/media\/2023\/04\/4-Rallye-Croatie-300x200.jpg 300w, https:\/\/www.cars-of-the-legend.com\/media\/2023\/04\/4-Rallye-Croatie-768x512.jpg 768w, https:\/\/www.cars-of-the-legend.com\/media\/2023\/04\/4-Rallye-Croatie-18x12.jpg 18w, https:\/\/www.cars-of-the-legend.com\/media\/2023\/04\/4-Rallye-Croatie-600x400.jpg 600w, https:\/\/www.cars-of-the-legend.com\/media\/2023\/04\/4-Rallye-Croatie-150x100.jpg 150w\" sizes=\"(max-width: 1024px) 100vw, 1024px\" \/><\/p><p>Weather conditions made the asphalt stages around Croatia&#8217;s capital Zagreb extremely difficult, leading to different tire strategies among the leading WRC2 drivers. \u201cLots of gravel and mud on the road. It\u2019s really hard to know what the level of grip is,\u201d said reigning WRC2 champion Emil Lindholm. The Finn and co-driver Reeta H\u00e4m\u00e4l\u00e4inen ultimately drove the Toksport team&#8217;s \u0160koda Fabia RS Rally2 to third place in WRC2.<\/p><p>Finnish Sami Pajari, 21, Lindholm&#8217;s teammate, also suffered from the state of the road. \u201cI try to push in some places, but I should be braver,\u201d he admitted. Reigning WRC3 Champions Pajari and co-driver Enni M\u00e4lk\u00f6nen brought the \u0160koda Fabia RS Rally2 back to fifth place in WRC2. They were followed by Gus Greensmith and Jonas Andersson, who won the Guanajuato Rally in Mexico in their first WRC race with the \u0160koda Fabia RS Rally2 of the Toksport WRT team. The British-Swedish duo lost valuable time with two punctures and a twisted suspension after hitting a curb. Setting the four fastest times in the WRC2 stage \u2013 and earning three additional championship points thanks to his victory in the Power Stage \u2013 Greensmith sums it up: \u201cI\u2019m happy with my performance. The place we occupy in the general classification is not what we wanted. \u00bb<\/p><p>Swede Oliver Solberg and his British co-driver Elliott Edmondson were in the general classification of the RC2 category, but not in the WRC2 classification. The WRC2 winners of Rally Sweden have chosen not to nominate Rally Croatia as one of their maximum seven events for the award of WRC2 points. Unlike his teammates Lindholm and Pajari, Solberg expected more dirt on the road. As a result, he was unhappy with the settings chosen for his Toksport WRT-driven \u0160koda Fabia RS Rally2. \u201cThe differential setup is not suitable,\u201d said the 21-year-old son of former FIA world rally champion Petter Solberg at the end of the first stage. Unfortunately, he had to put up with it during the 301 kilometers of competition, because the WRC regulations do not allow the differential settings to be changed during a rally. Solberg\/Edmondson also lost time due to a puncture. Nevertheless, they set the best time in RC2 on three of the 20 stages and finished third in their category.<\/p><p>Former European rally champion Armin Kremer once again competed with his daughter Ella as co-driver. The German veteran drove the Baumschlager Rallye&amp;Racing team&#8217;s \u0160koda Fabia RS Rally2 to seventh place in WRC2. He was also awarded victory points in the WRC Masters Cup, reserved for drivers over 50 years old. The Kremers were joined on the podium by two other \u0160koda crews, Johannes Keferb\u00f6ck\/Ilka Minor from Austria and Zolt\u00e1n L\u00e1szl\u00f3\/G\u00e1bor Zsiros from Hungary.<\/p><p>The WRC2 Challenger, where only drivers who have not yet won a WRC2 or WRC3 title and who have not been nominated to score manufacturer points are eligible, was also dominated by \u0160koda. The WRC2 Challenger podium was entirely in the hands of the crews relying on the new \u0160koda Fabia RS Rally2. Positions four and five were also occupied by \u0160koda crews.<\/p><p>From Croatia to eastern Europe, WRC2 competitors travel to Matosinhos on the Atlantic coast. The Vodafone Rally Portugal (May 11-14, 2023) marks the start of a series of seven gravel rallies in a row.<\/p><p><img decoding=\"async\" class=\"aligncenter size-full wp-image-7055\" src=\"https:\/\/www.cars-of-the-legend.com\/media\/2023\/04\/3-Rallye-Croatie.jpg\" alt=\"Sept \u0160koda Fabia RS Rally2 terminent dans le top 10 de la cat\u00e9gorie WRC2\" width=\"1024\" height=\"683\" srcset=\"https:\/\/www.cars-of-the-legend.com\/media\/2023\/04\/3-Rallye-Croatie.jpg 1024w, https:\/\/www.cars-of-the-legend.com\/media\/2023\/04\/3-Rallye-Croatie-300x200.jpg 300w, https:\/\/www.cars-of-the-legend.com\/media\/2023\/04\/3-Rallye-Croatie-768x512.jpg 768w, https:\/\/www.cars-of-the-legend.com\/media\/2023\/04\/3-Rallye-Croatie-18x12.jpg 18w, https:\/\/www.cars-of-the-legend.com\/media\/2023\/04\/3-Rallye-Croatie-600x400.jpg 600w, https:\/\/www.cars-of-the-legend.com\/media\/2023\/04\/3-Rallye-Croatie-150x100.jpg 150w\" sizes=\"(max-width: 1024px) 100vw, 1024px\" \/><\/p><p><strong>Croatia Rally, April 20-23, 2023:<\/strong><\/p><p>1 \u00a0 \u00a0 \u00a0 \u00a0 \u00a0 \u00a0 Yohan Rossel\/Arnaud Dunand (FRA\/FRA), Citro\u00ebn C3 Rally2 \u00a0 \u00a0 \u00a0 \u00a0 \u00a0 \u00a0 \u00a0 \u00a0 \u00a0 \u00a0 2:58:45.6 h<\/p><p>2\u00a0 \u00a0 \u00a0 \u00a0 \u00a0 \u00a0 Nikolay Gryazin\/Konstantin Aleksandrov (ANA\/ANA), \u0160koda Fabia RS Rally2\u00a0 \u00a0 +16.1 s<\/p><p>3\u00a0\u00a0\u00a0\u00a0\u00a0\u00a0\u00a0\u00a0\u00a0\u00a0\u00a0 Emil Lindholm\/Reeta H\u00e4m\u00e4l\u00e4inen (FIN\/FIN), \u0160koda Fabia RS Rally2\u00a0 \u00a0 \u00a0 \u00a0 +1:27.5 min<\/p><p>4\u00a0 \u00a0 \u00a0 \u00a0 \u00a0 \u00a0 Adrien Fourmaux\/Alexandre Coria (FRA\/FRA), Ford Fiesta MkII Rally2\u00a0 \u00a0 \u00a0 \u00a0 \u00a0+2:18.5 min<\/p><p>5\u00a0\u00a0\u00a0\u00a0\u00a0\u00a0\u00a0\u00a0\u00a0\u00a0\u00a0 Sami Pajari\/Enni M\u00e4lk\u00f6nen (FIN\/FIN), \u0160koda Fabia RS Rally2\u00a0 \u00a0 \u00a0 \u00a0 \u00a0 \u00a0 \u00a0 \u00a0 \u00a0 \u00a0 \u00a0 +2:26.6 min<\/p><p>6\u00a0\u00a0\u00a0\u00a0\u00a0\u00a0\u00a0\u00a0\u00a0\u00a0\u00a0 Gus Greensmith\/Jonas Andersson (GBR\/SWE), \u0160koda Fabia RS Rally2 +5:12.4 min<\/p><p>7\u00a0\u00a0\u00a0\u00a0\u00a0\u00a0\u00a0\u00a0\u00a0\u00a0\u00a0 Armin Kremer\/Ella Kremer (DEU\/DEU), \u0160koda Fabia RS Rally2\u00a0 \u00a0 \u00a0 \u00a0 \u00a0 \u00a0 \u00a0 \u00a0 \u00a0 \u00a0+11:24.2 min<\/p><p>8\u00a0\u00a0\u00a0\u00a0\u00a0\u00a0\u00a0\u00a0\u00a0\u00a0\u00a0 Norbert Herczig\/Ram\u00f3n Ferencz (HUN\/HUN), \u0160koda Fabia Rally2 evo\u00a0 \u00a0 \u00a0 \u00a0 +13:19.5 min<\/p><p>9\u00a0\u00a0\u00a0\u00a0\u00a0\u00a0\u00a0\u00a0\u00a0\u00a0\u00a0 Johannes Keferb\u00f6ck\/Ilka Minor (AUT\/AUT), \u0160koda Fabia RS Rally2\u00a0 \u00a0 \u00a0 \u00a0 \u00a0 \u00a0 +16:55.9 min<\/p><p>The Number of the Rally: 13<\/p><p>Crews using the new \u0160koda Fabia RS Rally2 achieved the best time in the RC2 category on 13 of the 20 rally stages.<\/p><h4>WRC2 Drivers general classification (after 4 of 13 rounds)<\/h4><p>1\u00a0\u00a0\u00a0\u00a0\u00a0\u00a0\u00a0\u00a0\u00a0\u00a0\u00a0 Yohan Rossel (FRA\/Citro\u00ebn)\u00a0\u00a0\u00a0\u00a0\u00a0 53 points (on 2 of the 7 events maximum)<\/p><p>2\u00a0\u00a0\u00a0\u00a0\u00a0\u00a0\u00a0\u00a0\u00a0\u00a0\u00a0 Emil Lindholm (FIN\/\u0160koda) 44 points (3\/7)<\/p><p>3\u00a0\u00a0\u00a0\u00a0\u00a0\u00a0\u00a0\u00a0\u00a0\u00a0\u00a0 Oliver Solberg (SWE\/\u0160koda) 43 points (2\/7)<\/p><p>4\u00a0\u00a0\u00a0\u00a0\u00a0\u00a0\u00a0\u00a0\u00a0\u00a0\u00a0 Nikolay Gryazin (ANA\/\u0160koda) 38 points (2\/7)<\/p><p>5\u00a0\u00a0\u00a0\u00a0\u00a0\u00a0\u00a0\u00a0\u00a0\u00a0\u00a0 Gus Greensmith (GBR\/\u0160koda) 37 points (2\/7)<\/p><p>\u00a0<\/p>\t\t\t\t\t\t\t\t<\/div>\n\t\t\t\t<\/div>\n\t\t\t\t\t<\/div>\n\t\t<\/div>\n\t\t\t\t\t<\/div>\n\t\t<\/section>\n\t\t\t\t<section class=\"elementor-section elementor-top-section elementor-element elementor-element-42e5b0e7 elementor-section-boxed elementor-section-height-default elementor-section-height-default exad-glass-effect-no exad-sticky-section-no\" data-id=\"42e5b0e7\" data-element_type=\"section\" data-e-type=\"section\">\n\t\t\t\t\t\t<div class=\"elementor-container elementor-column-gap-default\">\n\t\t\t\t\t<div class=\"elementor-column elementor-col-100 elementor-top-column elementor-element elementor-element-62be72 exad-glass-effect-no exad-sticky-section-no\" data-id=\"62be72\" data-element_type=\"column\" data-e-type=\"column\">\n\t\t\t<div class=\"elementor-widget-wrap elementor-element-populated\">\n\t\t\t\t\t\t<div class=\"elementor-element elementor-element-75696f0 elementor-arrows-position-inside elementor-pagination-position-outside exad-sticky-section-no exad-glass-effect-no elementor-widget elementor-widget-image-carousel\" data-id=\"75696f0\" data-element_type=\"widget\" data-e-type=\"widget\" data-settings=\"{&quot;slides_to_show&quot;:&quot;1&quot;,&quot;navigation&quot;:&quot;both&quot;,&quot;autoplay&quot;:&quot;yes&quot;,&quot;pause_on_hover&quot;:&quot;yes&quot;,&quot;pause_on_interaction&quot;:&quot;yes&quot;,&quot;autoplay_speed&quot;:5000,&quot;infinite&quot;:&quot;yes&quot;,&quot;effect&quot;:&quot;slide&quot;,&quot;speed&quot;:500}\" data-widget_type=\"image-carousel.default\">\n\t\t\t\t<div class=\"elementor-widget-container\">\n\t\t\t\t\t\t\t<div class=\"elementor-image-carousel-wrapper swiper\" role=\"region\" aria-roledescription=\"carousel\" aria-label=\"Image Carousel\" dir=\"ltr\">\n\t\t\t<div class=\"elementor-image-carousel swiper-wrapper\" aria-live=\"off\">\n\t\t\t\t\t\t\t\t<div class=\"swiper-slide\" role=\"group\" aria-roledescription=\"slide\" aria-label=\"1 of 5\"><figure class=\"swiper-slide-inner\"><img decoding=\"async\" class=\"swiper-slide-image\" src=\"https:\/\/www.cars-of-the-legend.com\/media\/2023\/04\/1-Rallye-Croatie-1.jpg\" alt=\"Sept \u0160koda Fabia RS Rally2 terminent dans le top 10 de la cat\u00e9gorie WRC2\" \/><\/figure><\/div><div class=\"swiper-slide\" role=\"group\" aria-roledescription=\"slide\" aria-label=\"2 of 5\"><figure class=\"swiper-slide-inner\"><img decoding=\"async\" class=\"swiper-slide-image\" src=\"https:\/\/www.cars-of-the-legend.com\/media\/2023\/04\/2-Rallye-Croatie.jpg\" alt=\"2 Rallye Croatie\" \/><\/figure><\/div><div class=\"swiper-slide\" role=\"group\" aria-roledescription=\"slide\" aria-label=\"3 of 5\"><figure class=\"swiper-slide-inner\"><img decoding=\"async\" class=\"swiper-slide-image\" src=\"https:\/\/www.cars-of-the-legend.com\/media\/2023\/04\/3-Rallye-Croatie-1.jpg\" alt=\"3 Rallye Croatie\" \/><\/figure><\/div><div class=\"swiper-slide\" role=\"group\" aria-roledescription=\"slide\" aria-label=\"4 of 5\"><figure class=\"swiper-slide-inner\"><img decoding=\"async\" class=\"swiper-slide-image\" src=\"https:\/\/www.cars-of-the-legend.com\/media\/2023\/04\/4-Rallye-Croatie-1.jpg\" alt=\"4 Rallye Croatie\" \/><\/figure><\/div><div class=\"swiper-slide\" role=\"group\" aria-roledescription=\"slide\" aria-label=\"5 of 5\"><figure class=\"swiper-slide-inner\"><img decoding=\"async\" class=\"swiper-slide-image\" src=\"https:\/\/www.cars-of-the-legend.com\/media\/2023\/04\/5-Rallye-Croatie.jpg\" alt=\"Sept \u0160koda Fabia RS Rally2 terminent dans le top 10 de la cat\u00e9gorie WRC2\" \/><\/figure><\/div>\t\t\t<\/div>\n\t\t\t\t\t\t\t\t\t\t\t\t<div class=\"elementor-swiper-button elementor-swiper-button-prev\" role=\"button\" tabindex=\"0\">\n\t\t\t\t\t\t<i aria-hidden=\"true\" class=\"eicon-chevron-left\"><\/i>\t\t\t\t\t<\/div>\n\t\t\t\t\t<div class=\"elementor-swiper-button elementor-swiper-button-next\" role=\"button\" tabindex=\"0\">\n\t\t\t\t\t\t<i aria-hidden=\"true\" class=\"eicon-chevron-right\"><\/i>\t\t\t\t\t<\/div>\n\t\t\t\t\n\t\t\t\t\t\t\t\t\t<div class=\"swiper-pagination\"><\/div>\n\t\t\t\t\t\t\t\t\t<\/div>\n\t\t\t\t\t\t<\/div>\n\t\t\t\t<\/div>\n\t\t\t\t\t<\/div>\n\t\t<\/div>\n\t\t\t\t\t<\/div>\n\t\t<\/section>\n\t\t\t\t<section class=\"elementor-section elementor-top-section elementor-element elementor-element-6503f56 elementor-section-boxed elementor-section-height-default elementor-section-height-default exad-glass-effect-no exad-sticky-section-no\" data-id=\"6503f56\" data-element_type=\"section\" data-e-type=\"section\">\n\t\t\t\t\t\t<div class=\"elementor-container elementor-column-gap-default\">\n\t\t\t\t\t<div class=\"elementor-column elementor-col-50 elementor-top-column elementor-element elementor-element-1ba7f211 exad-glass-effect-no exad-sticky-section-no\" data-id=\"1ba7f211\" data-element_type=\"column\" data-e-type=\"column\">\n\t\t\t<div class=\"elementor-widget-wrap elementor-element-populated\">\n\t\t\t\t\t\t<div class=\"elementor-element elementor-element-5e5245cd elementor-align-center exad-sticky-section-no exad-glass-effect-no elementor-widget elementor-widget-button\" data-id=\"5e5245cd\" data-element_type=\"widget\" data-e-type=\"widget\" data-widget_type=\"button.default\">\n\t\t\t\t<div class=\"elementor-widget-container\">\n\t\t\t\t\t\t\t\t\t<div class=\"elementor-button-wrapper\">\n\t\t\t\t\t<a class=\"elementor-button elementor-button-link elementor-size-sm\" href=\"https:\/\/www.cars-of-the-legend.com\/en\/automotive-news\/\">\n\t\t\t\t\t\t<span class=\"elementor-button-content-wrapper\">\n\t\t\t\t\t\t\t\t\t<span class=\"elementor-button-text\">Automotive New<\/span>\n\t\t\t\t\t<\/span>\n\t\t\t\t\t<\/a>\n\t\t\t\t<\/div>\n\t\t\t\t\t\t\t\t<\/div>\n\t\t\t\t<\/div>\n\t\t\t\t\t<\/div>\n\t\t<\/div>\n\t\t\t\t<div class=\"elementor-column elementor-col-50 elementor-top-column elementor-element elementor-element-6ea53b86 exad-glass-effect-no exad-sticky-section-no\" data-id=\"6ea53b86\" data-element_type=\"column\" data-e-type=\"column\">\n\t\t\t<div class=\"elementor-widget-wrap elementor-element-populated\">\n\t\t\t\t\t\t<div class=\"elementor-element elementor-element-6effdbf elementor-align-center exad-sticky-section-no exad-glass-effect-no elementor-widget elementor-widget-button\" data-id=\"6effdbf\" data-element_type=\"widget\" data-e-type=\"widget\" data-widget_type=\"button.default\">\n\t\t\t\t<div class=\"elementor-widget-container\">\n\t\t\t\t\t\t\t\t\t<div class=\"elementor-button-wrapper\">\n\t\t\t\t\t<a class=\"elementor-button elementor-button-link elementor-size-sm\" href=\"https:\/\/www.tiktok.com\/@cars_of_the_legend.com\">\n\t\t\t\t\t\t<span class=\"elementor-button-content-wrapper\">\n\t\t\t\t\t\t<span class=\"elementor-button-icon\">\n\t\t\t\t<i aria-hidden=\"true\" class=\"fab fa-tiktok\"><\/i>\t\t\t<\/span>\n\t\t\t\t\t\t\t\t<\/span>\n\t\t\t\t\t<\/a>\n\t\t\t\t<\/div>\n\t\t\t\t\t\t\t\t<\/div>\n\t\t\t\t<\/div>\n\t\t\t\t\t<\/div>\n\t\t<\/div>\n\t\t\t\t\t<\/div>\n\t\t<\/section>\n\t\t\t\t<\/div>\n\t\t","protected":false},"excerpt":{"rendered":"<p>cars of the legend for car enthusiasts, concept cars, super cars, collections and much more on cars of the legend. Croatia Rally: Seven \u0160koda Fabia RS Rally2s finish in the top 10 in the WRC2 category Croatia Rally: Seven \u0160koda Fabia RS Rally2s finish in the top 10 in the WRC2 category Reigning WRC2 champions<\/p>\n","protected":false},"author":2,"featured_media":8810,"comment_status":"closed","ping_status":"open","sticky":false,"template":"","format":"standard","meta":{"_acf_changed":false,"_rtcl_gb_attr":"","footnotes":""},"categories":[1],"tags":[],"class_list":["post-11800","post","type-post","status-publish","format-standard","has-post-thumbnail","hentry","category-non-classifiee"],"acf":[],"_links":{"self":[{"href":"https:\/\/www.cars-of-the-legend.com\/en\/wp-json\/wp\/v2\/posts\/11800","targetHints":{"allow":["GET"]}}],"collection":[{"href":"https:\/\/www.cars-of-the-legend.com\/en\/wp-json\/wp\/v2\/posts"}],"about":[{"href":"https:\/\/www.cars-of-the-legend.com\/en\/wp-json\/wp\/v2\/types\/post"}],"author":[{"embeddable":true,"href":"https:\/\/www.cars-of-the-legend.com\/en\/wp-json\/wp\/v2\/users\/2"}],"replies":[{"embeddable":true,"href":"https:\/\/www.cars-of-the-legend.com\/en\/wp-json\/wp\/v2\/comments?post=11800"}],"version-history":[{"count":0,"href":"https:\/\/www.cars-of-the-legend.com\/en\/wp-json\/wp\/v2\/posts\/11800\/revisions"}],"wp:featuredmedia":[{"embeddable":true,"href":"https:\/\/www.cars-of-the-legend.com\/en\/wp-json\/wp\/v2\/media\/8810"}],"wp:attachment":[{"href":"https:\/\/www.cars-of-the-legend.com\/en\/wp-json\/wp\/v2\/media?parent=11800"}],"wp:term":[{"taxonomy":"category","embeddable":true,"href":"https:\/\/www.cars-of-the-legend.com\/en\/wp-json\/wp\/v2\/categories?post=11800"},{"taxonomy":"post_tag","embeddable":true,"href":"https:\/\/www.cars-of-the-legend.com\/en\/wp-json\/wp\/v2\/tags?post=11800"}],"curies":[{"name":"wp","href":"https:\/\/api.w.org\/{rel}","templated":true}]}}