{"id":11325,"date":"2023-04-17T09:34:17","date_gmt":"2023-04-17T07:34:17","guid":{"rendered":"https:\/\/www.cars-of-the-legend.com\/non-classifiee\/alpine-a110-san-remo-73\/"},"modified":"2023-10-28T10:34:13","modified_gmt":"2023-10-28T08:34:13","slug":"alpine-a110-san-remo-73","status":"publish","type":"post","link":"https:\/\/www.cars-of-the-legend.com\/en\/automotive-news\/alpine-a110-san-remo-73\/","title":{"rendered":"Alpine A110 San Remo 73"},"content":{"rendered":"\t\t<div data-elementor-type=\"wp-post\" data-elementor-id=\"11325\" class=\"elementor elementor-11325 elementor-6398\">\n\t\t\t\t\t\t<section class=\"elementor-section elementor-top-section elementor-element elementor-element-ea5bd40 elementor-section-boxed elementor-section-height-default elementor-section-height-default exad-glass-effect-no exad-sticky-section-no\" data-id=\"ea5bd40\" data-element_type=\"section\" data-e-type=\"section\">\n\t\t\t\t\t\t<div class=\"elementor-container elementor-column-gap-default\">\n\t\t\t\t\t<div class=\"elementor-column elementor-col-100 elementor-top-column elementor-element elementor-element-26164cc4 exad-glass-effect-no exad-sticky-section-no\" data-id=\"26164cc4\" data-element_type=\"column\" data-e-type=\"column\">\n\t\t\t<div class=\"elementor-widget-wrap elementor-element-populated\">\n\t\t\t\t\t\t<div class=\"elementor-element elementor-element-5d79b3ba exad-sticky-section-no exad-glass-effect-no elementor-widget elementor-widget-text-editor\" data-id=\"5d79b3ba\" data-element_type=\"widget\" data-e-type=\"widget\" data-widget_type=\"text-editor.default\">\n\t\t\t\t<div class=\"elementor-widget-container\">\n\t\t\t\t\t\t\t\t\t<h5><strong>cars of the legend for car enthusiasts, concept cars, super cars, collections and much more on cars of the legend.<\/strong><\/h5>\t\t\t\t\t\t\t\t<\/div>\n\t\t\t\t<\/div>\n\t\t\t\t<div class=\"elementor-element elementor-element-6ad3e1af exad-sticky-section-no exad-glass-effect-no elementor-widget elementor-widget-shortcode\" data-id=\"6ad3e1af\" data-element_type=\"widget\" data-e-type=\"widget\" data-widget_type=\"shortcode.default\">\n\t\t\t\t<div class=\"elementor-widget-container\">\n\t\t\t\t\t\t\t<div class=\"elementor-shortcode\"><div class=\"intro-line\"><h1> <i>Alpine A110 San Remo 73<\/i> : a new edition to celebrate the passion for rallying<\/h1><\/div><\/div>\n\t\t\t\t\t\t<\/div>\n\t\t\t\t<\/div>\n\t\t\t\t\t<\/div>\n\t\t<\/div>\n\t\t\t\t\t<\/div>\n\t\t<\/section>\n\t\t\t\t<section class=\"elementor-section elementor-top-section elementor-element elementor-element-72e27007 elementor-section-boxed elementor-section-height-default elementor-section-height-default exad-glass-effect-no exad-sticky-section-no\" data-id=\"72e27007\" data-element_type=\"section\" data-e-type=\"section\">\n\t\t\t\t\t\t<div class=\"elementor-container elementor-column-gap-default\">\n\t\t\t\t\t<div class=\"elementor-column elementor-col-100 elementor-top-column elementor-element elementor-element-78dc2e60 exad-glass-effect-no exad-sticky-section-no\" data-id=\"78dc2e60\" data-element_type=\"column\" data-e-type=\"column\">\n\t\t\t<div class=\"elementor-widget-wrap elementor-element-populated\">\n\t\t\t\t\t\t<div class=\"elementor-element elementor-element-745d258 exad-sticky-section-no exad-glass-effect-no elementor-widget elementor-widget-image\" data-id=\"745d258\" data-element_type=\"widget\" data-e-type=\"widget\" data-widget_type=\"image.default\">\n\t\t\t\t<div class=\"elementor-widget-container\">\n\t\t\t\t\t\t\t\t\t\t\t\t<figure class=\"wp-caption\">\n\t\t\t\t\t\t\t\t\t\t<img fetchpriority=\"high\" decoding=\"async\" width=\"1024\" height=\"683\" src=\"https:\/\/www.cars-of-the-legend.com\/media\/2023\/04\/Alpine_A110_San_Remo_732.jpg\" class=\"attachment-large size-large wp-image-6402\" alt=\"Alpine A110 San Remo 73: a new edition to celebrate the passion for rallying\" srcset=\"https:\/\/www.cars-of-the-legend.com\/media\/2023\/04\/Alpine_A110_San_Remo_732.jpg 1024w, https:\/\/www.cars-of-the-legend.com\/media\/2023\/04\/Alpine_A110_San_Remo_732-300x200.jpg 300w, https:\/\/www.cars-of-the-legend.com\/media\/2023\/04\/Alpine_A110_San_Remo_732-768x512.jpg 768w, https:\/\/www.cars-of-the-legend.com\/media\/2023\/04\/Alpine_A110_San_Remo_732-18x12.jpg 18w, https:\/\/www.cars-of-the-legend.com\/media\/2023\/04\/Alpine_A110_San_Remo_732-600x400.jpg 600w, https:\/\/www.cars-of-the-legend.com\/media\/2023\/04\/Alpine_A110_San_Remo_732-150x100.jpg 150w\" sizes=\"(max-width: 1024px) 100vw, 1024px\" title=\"Alpine A110 San Remo 73 : une nouvelle \u00e9dition pour c\u00e9l\u00e9brer la passion du rallye\" \/>\t\t\t\t\t\t\t\t\t\t\t<figcaption class=\"widget-image-caption wp-caption-text\">Alpine A110 San Remo 73 : une nouvelle \u00e9dition pour c\u00e9l\u00e9brer la passion du rallye<\/figcaption>\n\t\t\t\t\t\t\t\t\t\t<\/figure>\n\t\t\t\t\t\t\t\t\t<\/div>\n\t\t\t\t<\/div>\n\t\t\t\t\t<\/div>\n\t\t<\/div>\n\t\t\t\t\t<\/div>\n\t\t<\/section>\n\t\t\t\t<section class=\"elementor-section elementor-top-section elementor-element elementor-element-348a25e1 elementor-section-boxed elementor-section-height-default elementor-section-height-default exad-glass-effect-no exad-sticky-section-no\" data-id=\"348a25e1\" data-element_type=\"section\" data-e-type=\"section\">\n\t\t\t\t\t\t<div class=\"elementor-container elementor-column-gap-default\">\n\t\t\t\t\t<div class=\"elementor-column elementor-col-100 elementor-top-column elementor-element elementor-element-7581daf6 exad-glass-effect-no exad-sticky-section-no\" data-id=\"7581daf6\" data-element_type=\"column\" data-e-type=\"column\">\n\t\t\t<div class=\"elementor-widget-wrap elementor-element-populated\">\n\t\t\t\t\t\t<div class=\"elementor-element elementor-element-19de205e exad-sticky-section-no exad-glass-effect-no elementor-widget elementor-widget-text-editor\" data-id=\"19de205e\" data-element_type=\"widget\" data-e-type=\"widget\" data-widget_type=\"text-editor.default\">\n\t\t\t\t<div class=\"elementor-widget-container\">\n\t\t\t\t\t\t\t\t\t<h2 class=\"western\"><span style=\"font-family: Times New Roman, serif;\">Alpine A110 San Remo 73: a new edition to celebrate the passion for rallying<\/span><\/h2><ul><li style=\"list-style-type: none;\"><ul><li><p class=\"western\"><strong><span style=\"font-family: Times New Roman, serif;\">The Alpine A110 celebrates 50 years since its victory at the San Remo rally, and the first manufacturer&#8217;s title in the 1973 World Rally Championship.<\/span><\/strong><\/p><\/li><li><p class=\"western\"><strong>A limited series of 200 copies, modern and distinctive.<\/strong><\/p><\/li><li><p class=\"western\"><strong>The Alpine A110 San Remo 73 will be available to order from March 17, 2023 at a price of \u20ac89,000 including tax.<\/strong><\/p><\/li><\/ul><\/li><\/ul><p><strong><span style=\"font-family: Times New Roman, serif;\">After the Alpine A110 Tour de Corse 75 revealed in 2022, this time it is up to the limited series A110 San Remo 73 to pay homage to the brand&#8217;s glorious past in rallying.<\/span><\/strong><\/p><p>With this new edition, Alpine celebrates the 50th anniversary of a historic moment for the brand in motorsport: the victory in the San Remo rally but also the manufacturer&#8217;s title for Alpine in a World Rally Championship. If the reference to the past is clear and the homage unambiguous, this numbered series of 200 units is above all modern and distinctive.<\/p><p><img decoding=\"async\" class=\"aligncenter size-full wp-image-6405\" src=\"https:\/\/www.cars-of-the-legend.com\/media\/2023\/04\/Alpine_A110_San_Remo_737.jpg\" alt=\"L\u2019Alpine A110 San Remo 73 prend la rel\u00e8ve d\u2019un v\u00e9hicule mythique ayant consacr\u00e9 pour la premi\u00e8re fois Alpine en Championnat du Monde des Rallyes. En 1973, les Alpines dominent avec 4 victoires apr\u00e8s 9 manches du Championnat du Monde des Rallyes. Les berlinettes comptent parmi les favorites lors de cette 10\u00e8me manche de San Remo qui partage des routes communes avec le parcours du Monte-Carlo, ce qui en fait un terrain mixte, favorable aux berlinettes sans compter sur leur rapport poids\/puissance avantageux.\u00a0 Sur les routes italiennes, l\u2019Alpine n\u00b01 bouclera la premi\u00e8re \u00e9tape avec plus de 5 minutes d'avance gr\u00e2ce \u00e0 une strat\u00e9gie pneumatique plus risqu\u00e9e mais payante. Avec un retard de plus de 9 minutes sur le leader au d\u00e9part de la deuxi\u00e8me \u00e9tape, l\u2019Alpine n\u00b05 va aligner les meilleurs temps, et rattraper son retard, sp\u00e9ciales apr\u00e8s sp\u00e9ciales pour finir 3\u00e8me au G\u00e9n\u00e9ral derri\u00e8re la Fiat 124, et l'Alpine n\u00b01 qui finira la manche de San Remo avec plus de 6 minutes d'avance sur le reste du plateau. Cette 10\u00e8me manche viendra sceller pour de bon le titre mondial constructeur pour Alpine.\u00a0 L\u2019iconique livr\u00e9e Bleu, Blanc, Rouge et ses bandes noires et blanches sera celle du sacre mondial. Cette d\u00e9coration devenue mythique est r\u00e9interpr\u00e9t\u00e9e par Alpine en 2023, et rend hommage au cinquanti\u00e8me anniversaire de cette victoire en rallye.\" width=\"1024\" height=\"683\" srcset=\"https:\/\/www.cars-of-the-legend.com\/media\/2023\/04\/Alpine_A110_San_Remo_737.jpg 1024w, https:\/\/www.cars-of-the-legend.com\/media\/2023\/04\/Alpine_A110_San_Remo_737-300x200.jpg 300w, https:\/\/www.cars-of-the-legend.com\/media\/2023\/04\/Alpine_A110_San_Remo_737-768x512.jpg 768w, https:\/\/www.cars-of-the-legend.com\/media\/2023\/04\/Alpine_A110_San_Remo_737-18x12.jpg 18w, https:\/\/www.cars-of-the-legend.com\/media\/2023\/04\/Alpine_A110_San_Remo_737-600x400.jpg 600w, https:\/\/www.cars-of-the-legend.com\/media\/2023\/04\/Alpine_A110_San_Remo_737-150x100.jpg 150w\" sizes=\"(max-width: 1024px) 100vw, 1024px\" \/><\/p><h3 class=\"western\"><span style=\"font-family: Times New Roman, serif;\">A MODERN REINTERPRETATION OF THE ALPINE LEGEND<\/span><\/h3><p>Inspired by the legendary Alpine A110 which won the San Remo rally in 1973, this new limited series is illustrated by a modern and unique design, combined with agility and performance thanks to its chassis and its 300 hp engine. The Alpine A110 San Remo 73 features a unique design combination both inside and out.<br \/>With its unique bodywork in the original Caddy Blue color, its black roof arches and its red varnished carbon roof, the A110 San Remo 73 limited series reinterprets the legendary livery of the historic Berlinette from 1973. The thematic signature \u201cSan Remo 73\u201d affixed on the hood, doors and rear bumper, is complemented by black and white graphic elements on the doors. Added to this are 18-inch Grand Prix Gloss White rims, Anthracite-colored Brembo\u00ae brake calipers, black front light boomerangs, as well as Gloss Black Alpine wing logos and monograms.<br \/>In the passenger compartment, which houses a microfiber cockpit highlighted with gray stitching, the Sabelt\u00ae Racing bucket seats are embroidered with a \u201cWorld Champion 73\u201d thematic signature and are predisposed to receive a six-point competition harness. The sporty atmosphere is completed by the Sport pedals, the aluminum passenger footrest and the Alpine floor mats. The door panels are signed with the two black and white thematic stripes.<br \/>Exclusive, the Alpine A110 San Remo 73 is limited to 200 units worldwide and receives a \u201cLimited Series A110 San Remo 73\u201d plaque numbered from 1 to 200. This limited edition will also have a rich range of equipment, such as the high-performance braking system, an active sports exhaust, electric folding exterior mirrors and interior mirror with automatic anti-dazzling function, rear and front parking assistance and reversing camera, as well as the Focal Audio system and Alpine Telemetrics.<br \/>In France, it will be available to order in the Alpine network from Friday March 17 at 9:00 a.m., at a price of \u20ac89,000 including tax.<\/p><p><img decoding=\"async\" class=\"aligncenter size-full wp-image-6404\" src=\"https:\/\/www.cars-of-the-legend.com\/media\/2023\/04\/Alpine_A110_San_Remo_734-1.jpg\" alt=\"L\u2019Alpine A110 San Remo 73 prend la rel\u00e8ve d\u2019un v\u00e9hicule mythique ayant consacr\u00e9 pour la premi\u00e8re fois Alpine en Championnat du Monde des Rallyes. En 1973, les Alpines dominent avec 4 victoires apr\u00e8s 9 manches du Championnat du Monde des Rallyes. Les berlinettes comptent parmi les favorites lors de cette 10\u00e8me manche de San Remo qui partage des routes communes avec le parcours du Monte-Carlo, ce qui en fait un terrain mixte, favorable aux berlinettes sans compter sur leur rapport poids\/puissance avantageux.\u00a0 Sur les routes italiennes, l\u2019Alpine n\u00b01 bouclera la premi\u00e8re \u00e9tape avec plus de 5 minutes d'avance gr\u00e2ce \u00e0 une strat\u00e9gie pneumatique plus risqu\u00e9e mais payante. Avec un retard de plus de 9 minutes sur le leader au d\u00e9part de la deuxi\u00e8me \u00e9tape, l\u2019Alpine n\u00b05 va aligner les meilleurs temps, et rattraper son retard, sp\u00e9ciales apr\u00e8s sp\u00e9ciales pour finir 3\u00e8me au G\u00e9n\u00e9ral derri\u00e8re la Fiat 124, et l'Alpine n\u00b01 qui finira la manche de San Remo avec plus de 6 minutes d'avance sur le reste du plateau. Cette 10\u00e8me manche viendra sceller pour de bon le titre mondial constructeur pour Alpine.\u00a0 L\u2019iconique livr\u00e9e Bleu, Blanc, Rouge et ses bandes noires et blanches sera celle du sacre mondial. Cette d\u00e9coration devenue mythique est r\u00e9interpr\u00e9t\u00e9e par Alpine en 2023, et rend hommage au cinquanti\u00e8me anniversaire de cette victoire en rallye.\" width=\"1024\" height=\"683\" srcset=\"https:\/\/www.cars-of-the-legend.com\/media\/2023\/04\/Alpine_A110_San_Remo_734-1.jpg 1024w, https:\/\/www.cars-of-the-legend.com\/media\/2023\/04\/Alpine_A110_San_Remo_734-1-300x200.jpg 300w, https:\/\/www.cars-of-the-legend.com\/media\/2023\/04\/Alpine_A110_San_Remo_734-1-768x512.jpg 768w, https:\/\/www.cars-of-the-legend.com\/media\/2023\/04\/Alpine_A110_San_Remo_734-1-18x12.jpg 18w, https:\/\/www.cars-of-the-legend.com\/media\/2023\/04\/Alpine_A110_San_Remo_734-1-600x400.jpg 600w, https:\/\/www.cars-of-the-legend.com\/media\/2023\/04\/Alpine_A110_San_Remo_734-1-150x100.jpg 150w\" sizes=\"(max-width: 1024px) 100vw, 1024px\" \/><\/p><h3 class=\"western\"><span style=\"font-family: Times New Roman, serif;\">Alpine A110 San Remo 1973, the consecration<\/span><\/h3><p>The Alpine A110 San Remo 73 takes over from a legendary vehicle that won Alpine the World Rally Championship for the first time.<\/p><p>In 1973, the Alpines dominated with 4 victories after 9 rounds of the World Rally Championship. The Berlinettes are among the favorites during this 10th round of San Remo which shares common roads with the Monte-Carlo course, making it a mixed terrain, favorable to Berlinettes without counting on their advantageous weight\/power ratio.<\/p><p>On Italian roads, the No. 1 Alpine will complete the first stage more than 5 minutes ahead thanks to a riskier but profitable tire strategy. With a delay of more than 9 minutes on the leader at the start of the second stage, the Alpine n\u00b05 will line up the best times, and catch up, special after special to finish 3rd overall behind the Fiat 124, and the Alpine n\u00b01 which will finish the San Remo round more than 6 minutes ahead of the rest of the field. This 10th round will seal the manufacturers&#8217; world title for good for Alpine.<\/p><p>The iconic Blue, White, Red livery and its black and white stripes will be that of the world title. This now legendary decoration is reinterpreted by Alpine in 2023, and pays tribute to the fiftieth anniversary of this rally victory.<\/p><p>\u00a0<\/p>\t\t\t\t\t\t\t\t<\/div>\n\t\t\t\t<\/div>\n\t\t\t\t\t<\/div>\n\t\t<\/div>\n\t\t\t\t\t<\/div>\n\t\t<\/section>\n\t\t\t\t<section class=\"elementor-section elementor-top-section elementor-element elementor-element-1c874f61 elementor-section-boxed elementor-section-height-default elementor-section-height-default exad-glass-effect-no exad-sticky-section-no\" data-id=\"1c874f61\" data-element_type=\"section\" data-e-type=\"section\">\n\t\t\t\t\t\t<div class=\"elementor-container elementor-column-gap-default\">\n\t\t\t\t\t<div class=\"elementor-column elementor-col-100 elementor-top-column elementor-element elementor-element-241a7aea exad-glass-effect-no exad-sticky-section-no\" data-id=\"241a7aea\" data-element_type=\"column\" data-e-type=\"column\">\n\t\t\t<div class=\"elementor-widget-wrap elementor-element-populated\">\n\t\t\t\t\t\t<div class=\"elementor-element elementor-element-6026cfa7 elementor-arrows-position-inside elementor-pagination-position-outside exad-sticky-section-no exad-glass-effect-no elementor-widget elementor-widget-image-carousel\" data-id=\"6026cfa7\" data-element_type=\"widget\" data-e-type=\"widget\" data-settings=\"{&quot;slides_to_show&quot;:&quot;1&quot;,&quot;navigation&quot;:&quot;both&quot;,&quot;autoplay&quot;:&quot;yes&quot;,&quot;pause_on_hover&quot;:&quot;yes&quot;,&quot;pause_on_interaction&quot;:&quot;yes&quot;,&quot;autoplay_speed&quot;:5000,&quot;infinite&quot;:&quot;yes&quot;,&quot;effect&quot;:&quot;slide&quot;,&quot;speed&quot;:500}\" data-widget_type=\"image-carousel.default\">\n\t\t\t\t<div class=\"elementor-widget-container\">\n\t\t\t\t\t\t\t<div class=\"elementor-image-carousel-wrapper swiper\" role=\"region\" aria-roledescription=\"carousel\" aria-label=\"Image Carousel\" dir=\"ltr\">\n\t\t\t<div class=\"elementor-image-carousel swiper-wrapper\" aria-live=\"off\">\n\t\t\t\t\t\t\t\t<div class=\"swiper-slide\" role=\"group\" aria-roledescription=\"slide\" aria-label=\"1 of 10\"><figure class=\"swiper-slide-inner\"><img decoding=\"async\" class=\"swiper-slide-image\" src=\"https:\/\/www.cars-of-the-legend.com\/media\/2023\/04\/Alpine_A110_San_Remo_73-1.jpg\" alt=\"\" \/><\/figure><\/div><div class=\"swiper-slide\" role=\"group\" aria-roledescription=\"slide\" aria-label=\"2 of 10\"><figure class=\"swiper-slide-inner\"><img decoding=\"async\" class=\"swiper-slide-image\" src=\"https:\/\/www.cars-of-the-legend.com\/media\/2023\/04\/Alpine_A110_San_Remo_731.jpg\" alt=\"\" \/><\/figure><\/div><div class=\"swiper-slide\" role=\"group\" aria-roledescription=\"slide\" aria-label=\"3 of 10\"><figure class=\"swiper-slide-inner\"><img decoding=\"async\" class=\"swiper-slide-image\" src=\"https:\/\/www.cars-of-the-legend.com\/media\/2023\/04\/Alpine_A110_San_Remo_732-1.jpg\" alt=\"\" \/><\/figure><\/div><div class=\"swiper-slide\" role=\"group\" aria-roledescription=\"slide\" aria-label=\"4 of 10\"><figure class=\"swiper-slide-inner\"><img decoding=\"async\" class=\"swiper-slide-image\" src=\"https:\/\/www.cars-of-the-legend.com\/media\/2023\/04\/Alpine_A110_San_Remo_733.jpg\" alt=\"Alpine A110 San Remo 73\" \/><\/figure><\/div><div class=\"swiper-slide\" role=\"group\" aria-roledescription=\"slide\" aria-label=\"5 of 10\"><figure class=\"swiper-slide-inner\"><img decoding=\"async\" class=\"swiper-slide-image\" src=\"https:\/\/www.cars-of-the-legend.com\/media\/2023\/04\/Alpine_A110_San_Remo_734-2.jpg\" alt=\"Alpine A110 San Remo 73\" \/><\/figure><\/div><div class=\"swiper-slide\" role=\"group\" aria-roledescription=\"slide\" aria-label=\"6 of 10\"><figure class=\"swiper-slide-inner\"><img decoding=\"async\" class=\"swiper-slide-image\" src=\"https:\/\/www.cars-of-the-legend.com\/media\/2023\/04\/Alpine_A110_San_Remo_735.jpg\" alt=\"\" \/><\/figure><\/div><div class=\"swiper-slide\" role=\"group\" aria-roledescription=\"slide\" aria-label=\"7 of 10\"><figure class=\"swiper-slide-inner\"><img decoding=\"async\" class=\"swiper-slide-image\" src=\"https:\/\/www.cars-of-the-legend.com\/media\/2023\/04\/Alpine_A110_San_Remo_736.jpg\" alt=\"\" \/><\/figure><\/div><div class=\"swiper-slide\" role=\"group\" aria-roledescription=\"slide\" aria-label=\"8 of 10\"><figure class=\"swiper-slide-inner\"><img decoding=\"async\" class=\"swiper-slide-image\" src=\"https:\/\/www.cars-of-the-legend.com\/media\/2023\/04\/Alpine_A110_San_Remo_737-1.jpg\" alt=\"\" \/><\/figure><\/div><div class=\"swiper-slide\" role=\"group\" aria-roledescription=\"slide\" aria-label=\"9 of 10\"><figure class=\"swiper-slide-inner\"><img decoding=\"async\" class=\"swiper-slide-image\" src=\"https:\/\/www.cars-of-the-legend.com\/media\/2023\/04\/Alpine_A110_San_Remo_738.jpg\" alt=\"Alpine A110 San Remo 73\" \/><\/figure><\/div><div class=\"swiper-slide\" role=\"group\" aria-roledescription=\"slide\" aria-label=\"10 of 10\"><figure class=\"swiper-slide-inner\"><img decoding=\"async\" class=\"swiper-slide-image\" src=\"https:\/\/www.cars-of-the-legend.com\/media\/2023\/04\/Alpine_A110_San_Remo_739.jpg\" alt=\"\" \/><\/figure><\/div>\t\t\t<\/div>\n\t\t\t\t\t\t\t\t\t\t\t\t<div class=\"elementor-swiper-button elementor-swiper-button-prev\" role=\"button\" tabindex=\"0\">\n\t\t\t\t\t\t<i aria-hidden=\"true\" class=\"eicon-chevron-left\"><\/i>\t\t\t\t\t<\/div>\n\t\t\t\t\t<div class=\"elementor-swiper-button elementor-swiper-button-next\" role=\"button\" tabindex=\"0\">\n\t\t\t\t\t\t<i aria-hidden=\"true\" class=\"eicon-chevron-right\"><\/i>\t\t\t\t\t<\/div>\n\t\t\t\t\n\t\t\t\t\t\t\t\t\t<div class=\"swiper-pagination\"><\/div>\n\t\t\t\t\t\t\t\t\t<\/div>\n\t\t\t\t\t\t<\/div>\n\t\t\t\t<\/div>\n\t\t\t\t\t<\/div>\n\t\t<\/div>\n\t\t\t\t\t<\/div>\n\t\t<\/section>\n\t\t\t\t<section class=\"elementor-section elementor-top-section elementor-element elementor-element-4c4a3c0d elementor-section-boxed elementor-section-height-default elementor-section-height-default exad-glass-effect-no exad-sticky-section-no\" data-id=\"4c4a3c0d\" data-element_type=\"section\" data-e-type=\"section\">\n\t\t\t\t\t\t<div class=\"elementor-container elementor-column-gap-default\">\n\t\t\t\t\t<div class=\"elementor-column elementor-col-50 elementor-top-column elementor-element elementor-element-70476d4d exad-glass-effect-no exad-sticky-section-no\" data-id=\"70476d4d\" data-element_type=\"column\" data-e-type=\"column\">\n\t\t\t<div class=\"elementor-widget-wrap elementor-element-populated\">\n\t\t\t\t\t\t<div class=\"elementor-element elementor-element-44c2ca7f elementor-align-center exad-sticky-section-no exad-glass-effect-no elementor-widget elementor-widget-button\" data-id=\"44c2ca7f\" data-element_type=\"widget\" data-e-type=\"widget\" data-widget_type=\"button.default\">\n\t\t\t\t<div class=\"elementor-widget-container\">\n\t\t\t\t\t\t\t\t\t<div class=\"elementor-button-wrapper\">\n\t\t\t\t\t<a class=\"elementor-button elementor-button-link elementor-size-sm\" href=\"https:\/\/www.cars-of-the-legend.com\/actualite-automobile\/\">\n\t\t\t\t\t\t<span class=\"elementor-button-content-wrapper\">\n\t\t\t\t\t\t\t\t\t<span class=\"elementor-button-text\">Acutalit\u00e9<\/span>\n\t\t\t\t\t<\/span>\n\t\t\t\t\t<\/a>\n\t\t\t\t<\/div>\n\t\t\t\t\t\t\t\t<\/div>\n\t\t\t\t<\/div>\n\t\t\t\t\t<\/div>\n\t\t<\/div>\n\t\t\t\t<div class=\"elementor-column elementor-col-50 elementor-top-column elementor-element elementor-element-67ea80d9 exad-glass-effect-no exad-sticky-section-no\" data-id=\"67ea80d9\" data-element_type=\"column\" data-e-type=\"column\">\n\t\t\t<div class=\"elementor-widget-wrap elementor-element-populated\">\n\t\t\t\t\t\t<div class=\"elementor-element elementor-element-37e0fc93 elementor-align-center exad-sticky-section-no exad-glass-effect-no elementor-widget elementor-widget-button\" data-id=\"37e0fc93\" data-element_type=\"widget\" data-e-type=\"widget\" data-widget_type=\"button.default\">\n\t\t\t\t<div class=\"elementor-widget-container\">\n\t\t\t\t\t\t\t\t\t<div class=\"elementor-button-wrapper\">\n\t\t\t\t\t<a class=\"elementor-button elementor-button-link elementor-size-sm\" href=\"https:\/\/www.tiktok.com\/@cars_of_the_legend.com\">\n\t\t\t\t\t\t<span class=\"elementor-button-content-wrapper\">\n\t\t\t\t\t\t<span class=\"elementor-button-icon\">\n\t\t\t\t<i aria-hidden=\"true\" class=\"fab fa-tiktok\"><\/i>\t\t\t<\/span>\n\t\t\t\t\t\t\t\t<\/span>\n\t\t\t\t\t<\/a>\n\t\t\t\t<\/div>\n\t\t\t\t\t\t\t\t<\/div>\n\t\t\t\t<\/div>\n\t\t\t\t\t<\/div>\n\t\t<\/div>\n\t\t\t\t\t<\/div>\n\t\t<\/section>\n\t\t\t\t<\/div>\n\t\t","protected":false},"excerpt":{"rendered":"<p>cars of the legend for car enthusiasts, concept cars, super cars, collections and much more on cars of the legend. Alpine A110 San Remo 73: a new edition to celebrate the passion for rallying Alpine A110 San Remo 73: a new edition to celebrate the passion for rallying The Alpine A110 celebrates 50 years since<\/p>\n","protected":false},"author":2,"featured_media":8534,"comment_status":"closed","ping_status":"open","sticky":false,"template":"","format":"standard","meta":{"_acf_changed":false,"_rtcl_gb_attr":"","footnotes":""},"categories":[837],"tags":[],"class_list":["post-11325","post","type-post","status-publish","format-standard","has-post-thumbnail","hentry","category-automotive-news"],"acf":[],"_links":{"self":[{"href":"https:\/\/www.cars-of-the-legend.com\/en\/wp-json\/wp\/v2\/posts\/11325","targetHints":{"allow":["GET"]}}],"collection":[{"href":"https:\/\/www.cars-of-the-legend.com\/en\/wp-json\/wp\/v2\/posts"}],"about":[{"href":"https:\/\/www.cars-of-the-legend.com\/en\/wp-json\/wp\/v2\/types\/post"}],"author":[{"embeddable":true,"href":"https:\/\/www.cars-of-the-legend.com\/en\/wp-json\/wp\/v2\/users\/2"}],"replies":[{"embeddable":true,"href":"https:\/\/www.cars-of-the-legend.com\/en\/wp-json\/wp\/v2\/comments?post=11325"}],"version-history":[{"count":0,"href":"https:\/\/www.cars-of-the-legend.com\/en\/wp-json\/wp\/v2\/posts\/11325\/revisions"}],"wp:featuredmedia":[{"embeddable":true,"href":"https:\/\/www.cars-of-the-legend.com\/en\/wp-json\/wp\/v2\/media\/8534"}],"wp:attachment":[{"href":"https:\/\/www.cars-of-the-legend.com\/en\/wp-json\/wp\/v2\/media?parent=11325"}],"wp:term":[{"taxonomy":"category","embeddable":true,"href":"https:\/\/www.cars-of-the-legend.com\/en\/wp-json\/wp\/v2\/categories?post=11325"},{"taxonomy":"post_tag","embeddable":true,"href":"https:\/\/www.cars-of-the-legend.com\/en\/wp-json\/wp\/v2\/tags?post=11325"}],"curies":[{"name":"wp","href":"https:\/\/api.w.org\/{rel}","templated":true}]}}